{"id":26328,"date":"2026-08-26T12:32:37","date_gmt":"2026-08-26T12:32:37","guid":{"rendered":"https:\/\/www.interlinkfbc.com\/blog\/\/"},"modified":"2026-08-26T12:33:48","modified_gmt":"2026-08-26T12:33:48","slug":"trump-suspendio-visas-que-paso-a-quien-afecta-y-que-pasa-con-la-visa-e-2","status":"publish","type":"post","link":"https:\/\/www.interlinkfbc.com\/blog\/trump-suspendio-visas-que-paso-a-quien-afecta-y-que-pasa-con-la-visa-e-2\/","title":{"rendered":"Trump suspendi\u00f3 citas para visas: qu\u00e9 pas\u00f3, a qui\u00e9n afecta y qu\u00e9 pasa con la visa E-2"},"content":{"rendered":"\n<p class=\"wp-block-paragraph\"><strong>Hay una raz\u00f3n por la que los grupos de mensajer\u00eda de inversores latinoamericanos est\u00e1n en ebullici\u00f3n esta semana: el gobierno de Trump tom\u00f3 m\u00e1s de una decisi\u00f3n sobre visas en los \u00faltimos meses, las noticias se mezclan, y el resultado es confusi\u00f3n generalizada sobre qu\u00e9 est\u00e1 suspendido, qu\u00e9 fue anulado por un tribunal y qu\u00e9 afecta realmente al inversor latinoamericano que tramita la <a href=\"https:\/\/www.interlinkfbc.com\/visa-de-inversionistas\/\">visa E-2<\/a>.<\/strong><\/p>\n\n\n\n<p class=\"wp-block-paragraph\">Esta nota ordena el panorama con precisi\u00f3n. Son tres medidas distintas, con fechas distintas, alcances distintos y estados legales distintos en este momento. Entender cada una por separado es lo que permite saber si tu proceso de inversi\u00f3n est\u00e1 o no afectado.<\/p>\n\n\n\n<figure class=\"wp-block-embed is-type-video is-provider-youtube wp-block-embed-youtube wp-embed-aspect-16-9 wp-has-aspect-ratio\"><div class=\"wp-block-embed__wrapper\">\n<iframe title=\"Visa E-2: Todo lo que Necesitas Saber para Invertir en EE.UU.\" width=\"800\" height=\"450\" src=\"https:\/\/www.youtube.com\/embed\/TOQCpKNhmV4?feature=oembed\" frameborder=\"0\" allow=\"accelerometer; autoplay; clipboard-write; encrypted-media; gyroscope; picture-in-picture; web-share\" referrerpolicy=\"strict-origin-when-cross-origin\" allowfullscreen><\/iframe>\n<\/div><\/figure>\n\n\n\n<h2 class=\"wp-block-heading\">Medida 1: El Travel Ban presidencial (39 pa\u00edses)<\/h2>\n\n\n\n<p class=\"wp-block-paragraph\"><strong>Origen:<\/strong> Proclamas presidenciales de junio de 2025 y diciembre de 2025.<br><strong>Estado actual:<\/strong> Vigente.<\/p>\n\n\n\n<p class=\"wp-block-paragraph\"><strong>El presidente Trump firm\u00f3 dos proclamas presidenciales. La primera, en junio de 2025, afect\u00f3 a 19 pa\u00edses. La segunda, en diciembre de 2025, expandi\u00f3 la lista a 39 pa\u00edses y entr\u00f3 en vigor el 1 de enero de 2026.<\/strong><\/p>\n\n\n\n<p class=\"wp-block-paragraph\">Este ban se divide en dos niveles de restricci\u00f3n.<\/p>\n\n\n\n<p class=\"wp-block-paragraph\"><strong>Suspensi\u00f3n total (19 pa\u00edses \u2014 TODAS las visas suspendidas):<\/strong><br>Afghanistan, Burkina Faso, Burma (Myanmar), Chad, Rep\u00fablica del Congo, Guinea Ecuatorial, Eritrea, Hait\u00ed, Ir\u00e1n, Laos, Libia, Mali, N\u00edger, Sierra Leona, Somalia, Sud\u00e1n del Sur, Sud\u00e1n, Siria, Yemen.<\/p>\n\n\n\n<p class=\"wp-block-paragraph\"><strong>Suspensi\u00f3n parcial (20 pa\u00edses \u2014 visas B, F, M, J y todas las de inmigrante suspendidas):<\/strong><br>Angola, Antigua y Barbuda, Benin, Burundi, Costa de Marfil, <strong>Cuba<\/strong>, Dominica, Gab\u00f3n, Gambia, Malawi, Mauritania, Nigeria, Senegal, Tanzania, Togo, Tonga, <strong>Venezuela<\/strong>, Zambia, Zimbabwe. Turkmenist\u00e1n enfrenta solo restricci\u00f3n de visas de inmigrante.<\/p>\n\n\n\n<p class=\"wp-block-paragraph\">Para los pa\u00edses con suspensi\u00f3n parcial, la proclama suspende las visas de inmigrante y las no inmigrantes B-1\/B-2, F, M y J. Otras categor\u00edas no inmigrantes como H-1B, L-1, O-1 y otras de especialidad quedan fuera de esta proclama.<\/p>\n\n\n\n<p class=\"wp-block-paragraph\"><strong>De Latinoam\u00e9rica:<\/strong> Venezuela y Cuba tienen restricciones parciales. Argentina, Colombia, M\u00e9xico, Chile, Per\u00fa, Ecuador, Brasil, Uruguay y el resto de la regi\u00f3n no est\u00e1n en ninguna lista de este ban.<\/p>\n\n\n\n<h2 class=\"wp-block-heading\">Medida 2: Suspensi\u00f3n de visas de inmigrante a 75 pa\u00edses, ya anulada por un juez<\/h2>\n\n\n\n<p class=\"wp-block-paragraph\"><strong>Origen:<\/strong> Directiva del Secretario de Estado Marco Rubio, enero de 2026.<br><strong>Estado actual:<\/strong> Anulada por juez federal el 21 de agosto de 2026.<\/p>\n\n\n\n<p class=\"wp-block-paragraph\"><strong>Esta es la medida que m\u00e1s confusi\u00f3n gener\u00f3 porque afectaba a pa\u00edses latinoamericanos que no estaban en el Travel Ban presidencial, incluyendo Colombia, Brasil y Uruguay.<\/strong><\/p>\n\n\n\n<p class=\"wp-block-paragraph\"><strong>Seg\u00fan Reuters y Time, que cubrieron el anuncio en enero de 2026, la administraci\u00f3n Trump suspendi\u00f3 indefinidamente el procesamiento de visas de inmigrante para personas de 75 pa\u00edses.<\/strong> La medida, que tom\u00f3 efecto el 21 de enero, apunt\u00f3 a solicitantes que los funcionarios consideraban propensos a convertirse en una &#8220;carga p\u00fablica&#8221; para el sistema americano. La lista abarc\u00f3 pa\u00edses de \u00c1frica, Asia, Am\u00e9rica Latina, Medio Oriente y Europa del Este.<\/p>\n\n\n\n<p class=\"wp-block-paragraph\">El 21 de agosto de 2026, la jueza federal Jeannette A. Vargas anul\u00f3 la medida en un fallo de 61 p\u00e1ginas dictado en Manhattan, seg\u00fan reportaron Washington Post, Al Jazeera y PBS NewsHour. La jueza dictamin\u00f3 que el Secretario de Estado Marco Rubio excedi\u00f3 su autoridad legal al implementar una pausa basada en la nacionalidad del solicitante en lugar de permitir revisiones individuales, en violaci\u00f3n de la Ley de Inmigraci\u00f3n y Nacionalidad americana.<\/p>\n\n\n\n<p class=\"wp-block-paragraph\"><strong>El punto m\u00e1s importante sobre esta medida:<\/strong> afectaba \u00fanicamente visas de inmigrante. Green Cards, residencias permanentes y visas de reunificaci\u00f3n familiar. <strong>Las visas no inmigrantes como la E-2, la B-1\/B-2 o la H-1B no estaban incluidas. Y a partir del 21 de agosto de 2026, la medida est\u00e1 judicialmente anulada.<\/strong><\/p>\n\n\n\n<h2 class=\"wp-block-heading\">Medida 3: Pausa global en citas consulares, anunciada ayer<\/h2>\n\n\n\n<p class=\"wp-block-paragraph\"><strong>Origen:<\/strong> Directiva del Departamento de Estado, anunciada el 25 de agosto de 2026.<br><strong>Estado actual:<\/strong> Vigente. Acaba de anunciarse.<\/p>\n\n\n\n<p class=\"wp-block-paragraph\"><strong>Esta es la medida m\u00e1s reciente y la que gener\u00f3 el mayor nivel de alarma esta semana porque, a diferencia de las anteriores, afecta a todo el mundo sin distinci\u00f3n de pa\u00eds.<\/strong><\/p>\n\n\n\n<p class=\"wp-block-paragraph\"><strong>El Departamento de Estado anunci\u00f3 el martes 25 de agosto que lanz\u00f3 una iniciativa de capacitaci\u00f3n global en todas las embajadas y consulados americanos del mundo<\/strong>, y que las citas para servicios de visas ser\u00e1n ajustadas para acomodar esa capacitaci\u00f3n, seg\u00fan reportaron Spokesman-Review, The National News y otras fuentes que cubrieron el anuncio en las \u00faltimas horas.<\/p>\n\n\n\n<p class=\"wp-block-paragraph\">El objetivo declarado de la capacitaci\u00f3n, seg\u00fan el Departamento de Estado, es <strong>garantizar que las evaluaciones de los solicitantes de visa se realicen de forma exhaustiva y coherente bajo los nuevos lineamientos. <\/strong>Los solicitantes de visa con entrevistas programadas en embajadas y consulados de EE.UU. comenzaron a recibir correos electr\u00f3nicos indicando que sus citas estaban siendo reprogramadas, seg\u00fan report\u00f3 el Financial Times.<\/p>\n\n\n\n<p class=\"wp-block-paragraph\"><strong>Simult\u00e1neamente, la administraci\u00f3n anunci\u00f3 que prepara revocar las visas de negocios y turismo de hasta 200.000 extranjeros que hab\u00edan solicitado o estaban buscando asilo en EE.UU., lo que representar\u00eda la mayor revocaci\u00f3n masiva de visas en la historia americana, seg\u00fan Reuters.<\/strong><\/p>\n\n\n\n<p class=\"wp-block-paragraph\"><strong>Lo que hay que entender sobre esta pausa:<\/strong><\/p>\n\n\n\n<p class=\"wp-block-paragraph\"><strong>No es una cancelaci\u00f3n permanente de visas.<\/strong> Es una interrupci\u00f3n operativa para capacitar a los funcionarios consulares en los nuevos criterios de escrutinio. No se especific\u00f3 una fecha de fin. Mientras se realizan las capacitaciones, las citas programadas se est\u00e1n reprogramando para fechas futuras a confirmar.<\/p>\n\n\n\n<figure class=\"wp-block-embed is-type-video is-provider-youtube wp-block-embed-youtube wp-embed-aspect-16-9 wp-has-aspect-ratio\"><div class=\"wp-block-embed__wrapper\">\n<iframe title=\"Visa E2 vs EB-2 NIW: \u00bfCu\u00e1l es el mejor camino para emigrar a EE.UU.?\" width=\"800\" height=\"450\" src=\"https:\/\/www.youtube.com\/embed\/8avsNe888h4?feature=oembed\" frameborder=\"0\" allow=\"accelerometer; autoplay; clipboard-write; encrypted-media; gyroscope; picture-in-picture; web-share\" referrerpolicy=\"strict-origin-when-cross-origin\" allowfullscreen><\/iframe>\n<\/div><\/figure>\n\n\n\n<h2 class=\"wp-block-heading\">El cuadro completo: qu\u00e9 est\u00e1 vigente y qu\u00e9 fue anulado<\/h2>\n\n\n\n<figure class=\"wp-block-table\"><table class=\"has-fixed-layout\"><thead><tr><th>Medida<\/th><th>Fecha<\/th><th>Alcance<\/th><th>Estado hoy (26\/08\/2026)<\/th><\/tr><\/thead><tbody><tr><td>Travel Ban presidencial<\/td><td>Jun. 2025 \/ Ene. 2026<\/td><td>39 pa\u00edses espec\u00edficos<\/td><td>Vigente<\/td><\/tr><tr><td>Suspensi\u00f3n visas de inmigrante<\/td><td>Ene. 2026<\/td><td>75 pa\u00edses (Colombia, Brasil, etc.)<\/td><td>Anulada por juez (21\/08\/2026)<\/td><\/tr><tr><td>Pausa global citas consulares<\/td><td>25 ago. 2026<\/td><td>Todo el mundo<\/td><td>Vigente \u2014 reci\u00e9n anunciada<\/td><\/tr><\/tbody><\/table><\/figure>\n\n\n\n<h2 class=\"wp-block-heading\">Qu\u00e9 significa todo esto para la visa E-2<\/h2>\n\n\n\n<p class=\"wp-block-paragraph\">Esta es la pregunta que m\u00e1s importa para quien est\u00e1 evaluando instalarse en EE.UU. con una franquicia.<\/p>\n\n\n\n<p class=\"wp-block-paragraph\"><strong>Sobre el Travel Ban:<\/strong> la visa E-2 no est\u00e1 en las categor\u00edas suspendidas ni para los pa\u00edses con ban total ni para los de ban parcial. Las proclamas presidenciales suspenden espec\u00edficamente visas B, F, M, J y de inmigrante. La E-2 es una visa no inmigrante de tratado comercial que no aparece suspendida en ninguna de esas categor\u00edas.<\/p>\n\n\n\n<p class=\"wp-block-paragraph\"><strong>Sobre la suspensi\u00f3n de 75 pa\u00edses:<\/strong> fue anulada el 21 de agosto de 2026. Y en cualquier caso afectaba \u00fanicamente visas de inmigrante, no la E-2. Para los inversores colombianos, brasile\u00f1os o uruguayos que se alarmaron en enero: esa medida ya no est\u00e1 vigente por orden judicial.<\/p>\n\n\n\n<p class=\"wp-block-paragraph\"><strong>Sobre la pausa global de agosto 2026:<\/strong> esta s\u00ed puede afectar los tiempos de cualquier proceso consular, incluyendo los de visa E-2. Si tienes una cita de entrevista consular programada y eres de cualquier pa\u00eds del mundo, podr\u00edas recibir un email de reprogramaci\u00f3n. Esto no cancela tu proceso ni anula tu categor\u00eda de visa \u2014 retrasa la agenda de entrevistas mientras se completa la capacitaci\u00f3n interna de los funcionarios.<\/p>\n\n\n\n<p class=\"wp-block-paragraph\"><strong>El impacto pr\u00e1ctico m\u00e1s concreto: quien esperaba su entrevista consular en septiembre u octubre puede tenerla en noviembre o diciembre. Los tiempos totales del proceso se estiran, pero el proceso sigue siendo completamente v\u00e1lido.<\/strong><\/p>\n\n\n\n<h2 class=\"wp-block-heading\">La situaci\u00f3n espec\u00edfica por pa\u00eds latinoamericano<\/h2>\n\n\n\n<p class=\"wp-block-paragraph\"><strong>Venezuela:<\/strong><br>Tiene la situaci\u00f3n m\u00e1s compleja. Est\u00e1 en el Travel Ban con restricciones parciales que suspenden las visas B, F, M y J. Pero hay un punto previo a\u00fan m\u00e1s relevante: Venezuela no tiene tratado E-2 con EE.UU., por lo que un ciudadano venezolano no puede tramitar la visa E-2 como ciudadano venezolano, independientemente de cualquier ban. La ruta de segunda ciudadan\u00eda en un pa\u00eds con tratado E-2 vigente sigue siendo la alternativa real para venezolanos que quieren acceder a este proceso.<\/p>\n\n\n\n<p class=\"wp-block-paragraph\"><strong>Cuba:<\/strong><br>Est\u00e1 en la lista de suspensi\u00f3n parcial del Travel Ban presidencial. Al igual que Venezuela, Cuba tampoco tiene tratado E-2 con EE.UU.<\/p>\n\n\n\n<p class=\"wp-block-paragraph\"><strong>Colombia y Brasil:<\/strong><br>Estaban en la lista de 75 pa\u00edses con visas de inmigrante suspendidas, pero esa medida fue anulada por la jueza Vargas el 21 de agosto de 2026. No est\u00e1n en el Travel Ban presidencial. La pausa global de citas afecta sus procesos en t\u00e9rminos de tiempos de agenda, pero no de elegibilidad ni de categor\u00eda de visa.<\/p>\n\n\n\n<p class=\"wp-block-paragraph\"><strong>Argentina, M\u00e9xico, Chile, Per\u00fa, Ecuador:<\/strong><br>No est\u00e1n en ninguna lista de restricciones espec\u00edficas por pa\u00eds. Solo les afecta la pausa global de citas en t\u00e9rminos operativos de agenda consular.<\/p>\n\n\n\n<figure class=\"wp-block-embed is-type-video is-provider-youtube wp-block-embed-youtube wp-embed-aspect-16-9 wp-has-aspect-ratio\"><div class=\"wp-block-embed__wrapper\">\n<iframe title=\"\u00bfEst\u00e1 en riesgo la Visa E2 en 2026? Escenario real bajo el mandato de Trump\" width=\"800\" height=\"450\" src=\"https:\/\/www.youtube.com\/embed\/bCvpcstJlrg?feature=oembed\" frameborder=\"0\" allow=\"accelerometer; autoplay; clipboard-write; encrypted-media; gyroscope; picture-in-picture; web-share\" referrerpolicy=\"strict-origin-when-cross-origin\" allowfullscreen><\/iframe>\n<\/div><\/figure>\n\n\n\n<h2 class=\"wp-block-heading\">El contexto m\u00e1s amplio: un sistema migratorio con escrutinio elevado<\/h2>\n\n\n\n<p class=\"wp-block-paragraph\">M\u00e1s all\u00e1 de estas tres medidas espec\u00edficas, hay un patr\u00f3n m\u00e1s amplio que conviene entender para quien planifica su instalaci\u00f3n en EE.UU. en 2026.<\/p>\n\n\n\n<p class=\"wp-block-paragraph\">La administraci\u00f3n Trump est\u00e1 implementando escrutinio adicional en pr\u00e1cticamente todos los procesos migratorios. Eso no significa que los procesos est\u00e9n cerrados, sino que los expedientes necesitan estar m\u00e1s s\u00f3lidos que antes.<\/p>\n\n\n\n<p class=\"wp-block-paragraph\">Para el proceso de visa E-2, esa realidad tiene una traducci\u00f3n pr\u00e1ctica concreta: un plan de negocios bien estructurado con proyecciones basadas en datos reales del FDD, un capital de inversi\u00f3n ejecutado y documentado correctamente, y un rol directivo claramente definido son m\u00e1s importantes que nunca.<\/p>\n\n\n\n<p class=\"wp-block-paragraph\"><strong>Nuestra gu\u00eda de <a href=\"https:\/\/www.interlinkfbc.com\/blog\/preguntas-frecuentes-visa-e2\/\">preguntas frecuentes sobre la visa E-2<\/a> y la de <a href=\"https:\/\/www.interlinkfbc.com\/blog\/preguntas-entrevista-visa-e2\/\">preguntas reales de la entrevista consular<\/a> cubren exactamente los criterios que el consulado eval\u00faa en el contexto de mayor escrutinio de 2026.<\/strong><\/p>\n\n\n\n<h2 class=\"wp-block-heading\">Por qu\u00e9 este contexto puede acelerar la decisi\u00f3n, no frenarla<\/h2>\n\n\n\n<p class=\"wp-block-paragraph\">Hay una lectura del momento actual que conviene nombrar.<\/p>\n\n\n\n<p class=\"wp-block-paragraph\"><strong>Cada vez que la administraci\u00f3n americana complica las rutas migratorias basadas en empleo, estudio o turismo, el atractivo de la visa E-2<\/strong>, <strong>que no depende de ning\u00fan empleador, no tiene cupo anual y no pasa por ninguna loter\u00eda, se vuelve comparativamente m\u00e1s atractiva para quien tiene capital disponible.<\/strong><\/p>\n\n\n\n<p class=\"wp-block-paragraph\"><strong>La visa E-2 no fue suspendida. No est\u00e1 en ninguna lista. Y aunque la pausa global de citas puede retrasar los tiempos, el proceso es completamente v\u00e1lido.<\/strong><\/p>\n\n\n\n<p class=\"wp-block-paragraph\"><strong>Para el inversor de Argentina, Colombia, M\u00e9xico o Chile que ya ven\u00eda evaluando la E-2 y que ahora ve c\u00f3mo otros caminos migratorios se complican, avanzar con el proceso mientras est\u00e1 abierto tiene m\u00e1s sentido<\/strong> que esperar a que la situaci\u00f3n se aclare porque esa aclaraci\u00f3n puede darse en cualquier direcci\u00f3n.<\/p>\n\n\n\n<p class=\"wp-block-paragraph\"><strong>Para entender qu\u00e9 franquicia tiene mejor perfil para el proceso de visa E-2 en el contexto actual, nuestra gu\u00eda de <a href=\"https:\/\/www.interlinkfbc.com\/blog\/mejores-franquicias-comprar-estados-unidos\/\">mejores franquicias para comprar en EE.UU. en 2026<\/a> y nuestro <a href=\"https:\/\/www.interlinkfbc.com\/invertir-en-franquicias\/\">cat\u00e1logo completo de franquicias disponibles<\/a> son el punto de partida.<\/strong><\/p>\n\n\n\n<h2 class=\"wp-block-heading\">Preguntas frecuentes<\/h2>\n\n\n\n<h4 class=\"wp-block-heading\">\u00bfLa visa E-2 fue suspendida por Trump?<\/h4>\n\n\n\n<p class=\"wp-block-paragraph\">No. Ninguna de las tres medidas activas suspende la categor\u00eda E-2. El Travel Ban suspende visas B, F, M, J y de inmigrante para pa\u00edses espec\u00edficos. La suspensi\u00f3n de 75 pa\u00edses afectaba solo visas de inmigrante y fue anulada. La pausa global de agosto 2026 es una interrupci\u00f3n operativa de citas, no una cancelaci\u00f3n de categor\u00edas de visa.<\/p>\n\n\n\n<h4 class=\"wp-block-heading\">\u00bfColombia sigue pudiendo tramitar la visa E-2?<\/h4>\n\n\n\n<p class=\"wp-block-paragraph\">S\u00ed. Colombia no est\u00e1 en el Travel Ban presidencial y la medida de 75 pa\u00edses que la afectaba fue anulada judicialmente el 21 de agosto de 2026. En t\u00e9rminos de elegibilidad, el proceso E-2 para ciudadanos colombianos no cambi\u00f3.<\/p>\n\n\n\n<h4 class=\"wp-block-heading\">\u00bfQu\u00e9 pasa si tengo una cita consular programada?<\/h4>\n\n\n\n<p class=\"wp-block-paragraph\">Si tu cita es para visa de inmigrante (Green Card, residencia), puede estar afectada por la pausa global. Si es para visa E-2 u otra no inmigrante, verifica directamente con el consulado si tu cita sigue programada. La pausa afecta principalmente a visas de inmigrante, pero el impacto operativo puede extenderse a otras categor\u00edas dependiendo de cada embajada.<\/p>\n\n\n\n<h4 class=\"wp-block-heading\">\u00bfVenezuela puede tramitar la visa E-2 en 2026?<\/h4>\n\n\n\n<p class=\"wp-block-paragraph\">No, pero la raz\u00f3n principal no es el Travel Ban sino la ausencia de tratado E-2 entre Venezuela y EE.UU. La ruta alternativa es tramitar la visa con una segunda ciudadan\u00eda de un pa\u00eds con tratado vigente.<\/p>\n\n\n\n<h4 class=\"wp-block-heading\">\u00bfLa situaci\u00f3n puede cambiar todav\u00eda m\u00e1s?<\/h4>\n\n\n\n<p class=\"wp-block-paragraph\">S\u00ed. Las proclamas presidenciales establecen un proceso de revisi\u00f3n continua. La administraci\u00f3n puede expandir, modificar o levantar restricciones. Y los tribunales pueden continuar anulando medidas que excedan la autoridad legal. El panorama de agosto 2026 puede ser diferente en octubre o en enero de 2027.<\/p>\n\n\n\n<figure class=\"wp-block-embed is-type-video is-provider-youtube wp-block-embed-youtube wp-embed-aspect-16-9 wp-has-aspect-ratio\"><div class=\"wp-block-embed__wrapper\">\n<iframe title=\"\u00bfQu\u00e9 es la Visa E-2: Lo que TODO INVERSIONISTA debe saber\" width=\"800\" height=\"450\" src=\"https:\/\/www.youtube.com\/embed\/EgA2-XOgrVw?feature=oembed\" frameborder=\"0\" allow=\"accelerometer; autoplay; clipboard-write; encrypted-media; gyroscope; picture-in-picture; web-share\" referrerpolicy=\"strict-origin-when-cross-origin\" allowfullscreen><\/iframe>\n<\/div><\/figure>\n\n\n\n<h2 class=\"wp-block-heading\">C\u00f3mo evaluamos esto en Interlink<\/h2>\n\n\n\n<p class=\"wp-block-paragraph\"><strong>En <a href=\"https:\/\/www.interlinkfbc.com\/servicios\/\">Interlink<\/a> seguimos el desarrollo de estas restricciones con atenci\u00f3n y actualizamos nuestro acompa\u00f1amiento en funci\u00f3n de los cambios reglamentarios vigentes.<\/strong><\/p>\n\n\n\n<p class=\"wp-block-paragraph\">Para nuestros clientes de Argentina, Colombia, M\u00e9xico, Chile y Per\u00fa: el proceso de visa E-2 sigue su curso normal en t\u00e9rminos de elegibilidad. La pausa global de citas puede afectar los tiempos de agenda consular, pero no cambia los requisitos ni la validez de la categor\u00eda.<\/p>\n\n\n\n<p class=\"wp-block-paragraph\">Para quienes consultan desde Venezuela o Cuba: analizamos cada caso de manera individual, considerando la situaci\u00f3n migratoria espec\u00edfica, la posibilidad de doble ciudadan\u00eda y las rutas disponibles en el contexto actual.<\/p>\n\n\n\n<p class=\"wp-block-paragraph\"><strong>La primera consulta es gratuita. <a href=\"https:\/\/www.interlinkfbc.com\/contacto\/\">Agenda aqu\u00ed<\/a> y lo analizamos con la informaci\u00f3n m\u00e1s actualizada disponible.<\/strong><\/p>\n","protected":false},"excerpt":{"rendered":"<p>Hay una raz\u00f3n por la que los grupos de mensajer\u00eda de inversores latinoamericanos est\u00e1n en ebullici\u00f3n esta semana: el gobierno de Trump tom\u00f3 m\u00e1s de una decisi\u00f3n sobre visas en los \u00faltimos meses, las noticias se mezclan, y el resultado es confusi\u00f3n generalizada sobre qu\u00e9 est\u00e1 suspendido, qu\u00e9 fue anulado por un tribunal y qu\u00e9 [&hellip;]<\/p>\n","protected":false},"author":5,"featured_media":26329,"comment_status":"open","ping_status":"open","sticky":false,"template":"","format":"standard","meta":{"give_campaign_id":0,"footnotes":""},"categories":[141],"tags":[176,165,161,164],"class_list":["post-26328","post","type-post","status-publish","format-standard","has-post-thumbnail","hentry","category-noticias","tag-fdd","tag-franquicias","tag-invertir-en-estados-unidos","tag-visa-e-2"],"yoast_head":"<!-- This site is optimized with the Yoast SEO plugin v27.6 - https:\/\/yoast.com\/product\/yoast-seo-wordpress\/ -->\n<title>Trump suspendi\u00f3 citas para visas: qu\u00e9 pas\u00f3, a qui\u00e9n afecta y qu\u00e9 pasa con la visa E-2<\/title>\n<meta name=\"description\" content=\"Trump lanz\u00f3 tres medidas distintas sobre visas. Un juez ya anul\u00f3 una. La tercera afecta a todo el mundo. Qu\u00e9 cambia para la visa E-2 en 2026.\" \/>\n<meta name=\"robots\" content=\"index, follow, max-snippet:-1, max-image-preview:large, max-video-preview:-1\" \/>\n<link rel=\"canonical\" href=\"https:\/\/www.interlinkfbc.com\/en\/blog\/trump-suspendio-visas-que-paso-a-quien-afecta-y-que-pasa-con-la-visa-e-2\/\" \/>\n<meta property=\"og:locale\" content=\"en_US\" \/>\n<meta property=\"og:type\" content=\"article\" \/>\n<meta property=\"og:title\" content=\"Trump suspendi\u00f3 citas para visas: qu\u00e9 pas\u00f3, a qui\u00e9n afecta y qu\u00e9 pasa con la visa E-2\" \/>\n<meta property=\"og:description\" content=\"Trump lanz\u00f3 tres medidas distintas sobre visas. Un juez ya anul\u00f3 una. La tercera afecta a todo el mundo. Qu\u00e9 cambia para la visa E-2 en 2026.\" \/>\n<meta property=\"og:url\" content=\"https:\/\/www.interlinkfbc.com\/blog\/trump-suspendio-visas-que-paso-a-quien-afecta-y-que-pasa-con-la-visa-e-2\/\" \/>\n<meta property=\"og:site_name\" content=\"Interlink\" \/>\n<meta property=\"article:published_time\" content=\"2026-08-26T12:32:37+00:00\" \/>\n<meta property=\"article:modified_time\" content=\"2026-08-26T12:33:48+00:00\" \/>\n<meta property=\"og:image\" content=\"https:\/\/www.interlinkfbc.com\/wp-content\/uploads\/2026\/08\/Trump-Visas-Interlink-1.jpg\" \/>\n\t<meta property=\"og:image:width\" content=\"1200\" \/>\n\t<meta property=\"og:image:height\" content=\"800\" \/>\n\t<meta property=\"og:image:type\" content=\"image\/jpeg\" \/>\n<meta name=\"author\" content=\"Gonzalo Lettieri\" \/>\n<meta name=\"twitter:card\" content=\"summary_large_image\" \/>\n<meta name=\"twitter:label1\" content=\"Written by\" \/>\n\t<meta name=\"twitter:data1\" content=\"Gonzalo Lettieri\" \/>\n\t<meta name=\"twitter:label2\" content=\"Est. reading time\" \/>\n\t<meta name=\"twitter:data2\" content=\"10 minutes\" \/>\n<script type=\"application\/ld+json\" class=\"yoast-schema-graph\">{\"@context\":\"https:\\\/\\\/schema.org\",\"@graph\":[{\"@type\":\"Article\",\"@id\":\"https:\\\/\\\/www.interlinkfbc.com\\\/blog\\\/trump-suspendio-visas-que-paso-a-quien-afecta-y-que-pasa-con-la-visa-e-2\\\/#article\",\"isPartOf\":{\"@id\":\"https:\\\/\\\/www.interlinkfbc.com\\\/blog\\\/trump-suspendio-visas-que-paso-a-quien-afecta-y-que-pasa-con-la-visa-e-2\\\/\"},\"author\":{\"name\":\"Gonzalo Lettieri\",\"@id\":\"https:\\\/\\\/www.interlinkfbc.com\\\/en\\\/#\\\/schema\\\/person\\\/9d1e1dade6282e0d8d9fdd60c195b929\"},\"headline\":\"Trump suspendi\u00f3 citas para visas: qu\u00e9 pas\u00f3, a qui\u00e9n afecta y qu\u00e9 pasa con la visa E-2\",\"datePublished\":\"2026-08-26T12:32:37+00:00\",\"dateModified\":\"2026-08-26T12:33:48+00:00\",\"mainEntityOfPage\":{\"@id\":\"https:\\\/\\\/www.interlinkfbc.com\\\/blog\\\/trump-suspendio-visas-que-paso-a-quien-afecta-y-que-pasa-con-la-visa-e-2\\\/\"},\"wordCount\":2247,\"commentCount\":0,\"image\":{\"@id\":\"https:\\\/\\\/www.interlinkfbc.com\\\/blog\\\/trump-suspendio-visas-que-paso-a-quien-afecta-y-que-pasa-con-la-visa-e-2\\\/#primaryimage\"},\"thumbnailUrl\":\"https:\\\/\\\/www.interlinkfbc.com\\\/wp-content\\\/uploads\\\/2026\\\/08\\\/Trump-Visas-Interlink-1.jpg\",\"keywords\":[\"FDD\",\"Franquicias\",\"Invertir en Estados Unidos\",\"Visa E-2\"],\"articleSection\":[\"Noticias\"],\"inLanguage\":\"en-US\",\"potentialAction\":[{\"@type\":\"CommentAction\",\"name\":\"Comment\",\"target\":[\"https:\\\/\\\/www.interlinkfbc.com\\\/blog\\\/trump-suspendio-visas-que-paso-a-quien-afecta-y-que-pasa-con-la-visa-e-2\\\/#respond\"]}]},{\"@type\":\"WebPage\",\"@id\":\"https:\\\/\\\/www.interlinkfbc.com\\\/blog\\\/trump-suspendio-visas-que-paso-a-quien-afecta-y-que-pasa-con-la-visa-e-2\\\/\",\"url\":\"https:\\\/\\\/www.interlinkfbc.com\\\/blog\\\/trump-suspendio-visas-que-paso-a-quien-afecta-y-que-pasa-con-la-visa-e-2\\\/\",\"name\":\"Trump suspendi\u00f3 citas para visas: qu\u00e9 pas\u00f3, a qui\u00e9n afecta y qu\u00e9 pasa con la visa E-2\",\"isPartOf\":{\"@id\":\"https:\\\/\\\/www.interlinkfbc.com\\\/en\\\/#website\"},\"primaryImageOfPage\":{\"@id\":\"https:\\\/\\\/www.interlinkfbc.com\\\/blog\\\/trump-suspendio-visas-que-paso-a-quien-afecta-y-que-pasa-con-la-visa-e-2\\\/#primaryimage\"},\"image\":{\"@id\":\"https:\\\/\\\/www.interlinkfbc.com\\\/blog\\\/trump-suspendio-visas-que-paso-a-quien-afecta-y-que-pasa-con-la-visa-e-2\\\/#primaryimage\"},\"thumbnailUrl\":\"https:\\\/\\\/www.interlinkfbc.com\\\/wp-content\\\/uploads\\\/2026\\\/08\\\/Trump-Visas-Interlink-1.jpg\",\"datePublished\":\"2026-08-26T12:32:37+00:00\",\"dateModified\":\"2026-08-26T12:33:48+00:00\",\"author\":{\"@id\":\"https:\\\/\\\/www.interlinkfbc.com\\\/en\\\/#\\\/schema\\\/person\\\/9d1e1dade6282e0d8d9fdd60c195b929\"},\"description\":\"Trump lanz\u00f3 tres medidas distintas sobre visas. Un juez ya anul\u00f3 una. La tercera afecta a todo el mundo. Qu\u00e9 cambia para la visa E-2 en 2026.\",\"breadcrumb\":{\"@id\":\"https:\\\/\\\/www.interlinkfbc.com\\\/blog\\\/trump-suspendio-visas-que-paso-a-quien-afecta-y-que-pasa-con-la-visa-e-2\\\/#breadcrumb\"},\"inLanguage\":\"es-MX\",\"potentialAction\":[{\"@type\":\"ReadAction\",\"target\":[\"https:\\\/\\\/www.interlinkfbc.com\\\/blog\\\/trump-suspendio-visas-que-paso-a-quien-afecta-y-que-pasa-con-la-visa-e-2\\\/\"]}]},{\"@type\":\"ImageObject\",\"inLanguage\":\"es-MX\",\"@id\":\"https:\\\/\\\/www.interlinkfbc.com\\\/blog\\\/trump-suspendio-visas-que-paso-a-quien-afecta-y-que-pasa-con-la-visa-e-2\\\/#primaryimage\",\"url\":\"https:\\\/\\\/www.interlinkfbc.com\\\/wp-content\\\/uploads\\\/2026\\\/08\\\/Trump-Visas-Interlink-1.jpg\",\"contentUrl\":\"https:\\\/\\\/www.interlinkfbc.com\\\/wp-content\\\/uploads\\\/2026\\\/08\\\/Trump-Visas-Interlink-1.jpg\",\"width\":1200,\"height\":800,\"caption\":\"Trump suspendi\u00f3 visas: qu\u00e9 pas\u00f3, a qui\u00e9n afecta y qu\u00e9 pasa con la visa E-2\"},{\"@type\":\"BreadcrumbList\",\"@id\":\"https:\\\/\\\/www.interlinkfbc.com\\\/blog\\\/trump-suspendio-visas-que-paso-a-quien-afecta-y-que-pasa-con-la-visa-e-2\\\/#breadcrumb\",\"itemListElement\":[{\"@type\":\"ListItem\",\"position\":1,\"name\":\"Portada\",\"item\":\"https:\\\/\\\/www.interlinkfbc.com\\\/en\\\/\"},{\"@type\":\"ListItem\",\"position\":2,\"name\":\"Trump suspendi\u00f3 citas para visas: qu\u00e9 pas\u00f3, a qui\u00e9n afecta y qu\u00e9 pasa con la visa E-2\"}]},{\"@type\":\"WebSite\",\"@id\":\"https:\\\/\\\/www.interlinkfbc.com\\\/en\\\/#website\",\"url\":\"https:\\\/\\\/www.interlinkfbc.com\\\/en\\\/\",\"name\":\"Interlink FBC\",\"description\":\"\",\"potentialAction\":[{\"@type\":\"SearchAction\",\"target\":{\"@type\":\"EntryPoint\",\"urlTemplate\":\"https:\\\/\\\/www.interlinkfbc.com\\\/en\\\/?s={search_term_string}\"},\"query-input\":{\"@type\":\"PropertyValueSpecification\",\"valueRequired\":true,\"valueName\":\"search_term_string\"}}],\"inLanguage\":\"es-MX\"},{\"@type\":\"Person\",\"@id\":\"https:\\\/\\\/www.interlinkfbc.com\\\/en\\\/#\\\/schema\\\/person\\\/9d1e1dade6282e0d8d9fdd60c195b929\",\"name\":\"Gonzalo Lettieri\",\"image\":{\"@type\":\"ImageObject\",\"inLanguage\":\"en-US\",\"@id\":\"https:\\\/\\\/www.interlinkfbc.com\\\/wp-content\\\/litespeed\\\/avatar\\\/fdedb0c3f8ba35471bcc5fbd02b576e6.jpg?ver=1787854792\",\"url\":\"https:\\\/\\\/www.interlinkfbc.com\\\/wp-content\\\/litespeed\\\/avatar\\\/fdedb0c3f8ba35471bcc5fbd02b576e6.jpg?ver=1787854792\",\"contentUrl\":\"https:\\\/\\\/www.interlinkfbc.com\\\/wp-content\\\/litespeed\\\/avatar\\\/fdedb0c3f8ba35471bcc5fbd02b576e6.jpg?ver=1787854792\",\"caption\":\"Gonzalo Lettieri\"},\"description\":\"Periodista con m\u00e1s de 15 a\u00f1os de experiencia. L\u00edder de contenidos. Experto en SEO, GEO, e IA. Especializado en negocios, viajes y documentaci\u00f3n.\",\"url\":\"https:\\\/\\\/www.interlinkfbc.com\\\/en\\\/author\\\/gonzalo-interlink\\\/\"}]}<\/script>\n<!-- \/ Yoast SEO plugin. -->","yoast_head_json":{"title":"Trump suspendi\u00f3 citas para visas: qu\u00e9 pas\u00f3, a qui\u00e9n afecta y qu\u00e9 pasa con la visa E-2","description":"Trump lanz\u00f3 tres medidas distintas sobre visas. Un juez ya anul\u00f3 una. La tercera afecta a todo el mundo. Qu\u00e9 cambia para la visa E-2 en 2026.","robots":{"index":"index","follow":"follow","max-snippet":"max-snippet:-1","max-image-preview":"max-image-preview:large","max-video-preview":"max-video-preview:-1"},"canonical":"https:\/\/www.interlinkfbc.com\/en\/blog\/trump-suspendio-visas-que-paso-a-quien-afecta-y-que-pasa-con-la-visa-e-2\/","og_locale":"en_US","og_type":"article","og_title":"Trump suspendi\u00f3 citas para visas: qu\u00e9 pas\u00f3, a qui\u00e9n afecta y qu\u00e9 pasa con la visa E-2","og_description":"Trump lanz\u00f3 tres medidas distintas sobre visas. Un juez ya anul\u00f3 una. La tercera afecta a todo el mundo. Qu\u00e9 cambia para la visa E-2 en 2026.","og_url":"https:\/\/www.interlinkfbc.com\/blog\/trump-suspendio-visas-que-paso-a-quien-afecta-y-que-pasa-con-la-visa-e-2\/","og_site_name":"Interlink","article_published_time":"2026-08-26T12:32:37+00:00","article_modified_time":"2026-08-26T12:33:48+00:00","og_image":[{"width":1200,"height":800,"url":"https:\/\/www.interlinkfbc.com\/wp-content\/uploads\/2026\/08\/Trump-Visas-Interlink-1.jpg","type":"image\/jpeg"}],"author":"Gonzalo Lettieri","twitter_card":"summary_large_image","twitter_misc":{"Written by":"Gonzalo Lettieri","Est. reading time":"10 minutes"},"schema":{"@context":"https:\/\/schema.org","@graph":[{"@type":"Article","@id":"https:\/\/www.interlinkfbc.com\/blog\/trump-suspendio-visas-que-paso-a-quien-afecta-y-que-pasa-con-la-visa-e-2\/#article","isPartOf":{"@id":"https:\/\/www.interlinkfbc.com\/blog\/trump-suspendio-visas-que-paso-a-quien-afecta-y-que-pasa-con-la-visa-e-2\/"},"author":{"name":"Gonzalo Lettieri","@id":"https:\/\/www.interlinkfbc.com\/en\/#\/schema\/person\/9d1e1dade6282e0d8d9fdd60c195b929"},"headline":"Trump suspendi\u00f3 citas para visas: qu\u00e9 pas\u00f3, a qui\u00e9n afecta y qu\u00e9 pasa con la visa E-2","datePublished":"2026-08-26T12:32:37+00:00","dateModified":"2026-08-26T12:33:48+00:00","mainEntityOfPage":{"@id":"https:\/\/www.interlinkfbc.com\/blog\/trump-suspendio-visas-que-paso-a-quien-afecta-y-que-pasa-con-la-visa-e-2\/"},"wordCount":2247,"commentCount":0,"image":{"@id":"https:\/\/www.interlinkfbc.com\/blog\/trump-suspendio-visas-que-paso-a-quien-afecta-y-que-pasa-con-la-visa-e-2\/#primaryimage"},"thumbnailUrl":"https:\/\/www.interlinkfbc.com\/wp-content\/uploads\/2026\/08\/Trump-Visas-Interlink-1.jpg","keywords":["FDD","Franquicias","Invertir en Estados Unidos","Visa E-2"],"articleSection":["Noticias"],"inLanguage":"en-US","potentialAction":[{"@type":"CommentAction","name":"Comment","target":["https:\/\/www.interlinkfbc.com\/blog\/trump-suspendio-visas-que-paso-a-quien-afecta-y-que-pasa-con-la-visa-e-2\/#respond"]}]},{"@type":"WebPage","@id":"https:\/\/www.interlinkfbc.com\/blog\/trump-suspendio-visas-que-paso-a-quien-afecta-y-que-pasa-con-la-visa-e-2\/","url":"https:\/\/www.interlinkfbc.com\/blog\/trump-suspendio-visas-que-paso-a-quien-afecta-y-que-pasa-con-la-visa-e-2\/","name":"Trump suspendi\u00f3 citas para visas: qu\u00e9 pas\u00f3, a qui\u00e9n afecta y qu\u00e9 pasa con la visa E-2","isPartOf":{"@id":"https:\/\/www.interlinkfbc.com\/en\/#website"},"primaryImageOfPage":{"@id":"https:\/\/www.interlinkfbc.com\/blog\/trump-suspendio-visas-que-paso-a-quien-afecta-y-que-pasa-con-la-visa-e-2\/#primaryimage"},"image":{"@id":"https:\/\/www.interlinkfbc.com\/blog\/trump-suspendio-visas-que-paso-a-quien-afecta-y-que-pasa-con-la-visa-e-2\/#primaryimage"},"thumbnailUrl":"https:\/\/www.interlinkfbc.com\/wp-content\/uploads\/2026\/08\/Trump-Visas-Interlink-1.jpg","datePublished":"2026-08-26T12:32:37+00:00","dateModified":"2026-08-26T12:33:48+00:00","author":{"@id":"https:\/\/www.interlinkfbc.com\/en\/#\/schema\/person\/9d1e1dade6282e0d8d9fdd60c195b929"},"description":"Trump lanz\u00f3 tres medidas distintas sobre visas. Un juez ya anul\u00f3 una. La tercera afecta a todo el mundo. Qu\u00e9 cambia para la visa E-2 en 2026.","breadcrumb":{"@id":"https:\/\/www.interlinkfbc.com\/blog\/trump-suspendio-visas-que-paso-a-quien-afecta-y-que-pasa-con-la-visa-e-2\/#breadcrumb"},"inLanguage":"es-MX","potentialAction":[{"@type":"ReadAction","target":["https:\/\/www.interlinkfbc.com\/blog\/trump-suspendio-visas-que-paso-a-quien-afecta-y-que-pasa-con-la-visa-e-2\/"]}]},{"@type":"ImageObject","inLanguage":"es-MX","@id":"https:\/\/www.interlinkfbc.com\/blog\/trump-suspendio-visas-que-paso-a-quien-afecta-y-que-pasa-con-la-visa-e-2\/#primaryimage","url":"https:\/\/www.interlinkfbc.com\/wp-content\/uploads\/2026\/08\/Trump-Visas-Interlink-1.jpg","contentUrl":"https:\/\/www.interlinkfbc.com\/wp-content\/uploads\/2026\/08\/Trump-Visas-Interlink-1.jpg","width":1200,"height":800,"caption":"Trump suspendi\u00f3 visas: qu\u00e9 pas\u00f3, a qui\u00e9n afecta y qu\u00e9 pasa con la visa E-2"},{"@type":"BreadcrumbList","@id":"https:\/\/www.interlinkfbc.com\/blog\/trump-suspendio-visas-que-paso-a-quien-afecta-y-que-pasa-con-la-visa-e-2\/#breadcrumb","itemListElement":[{"@type":"ListItem","position":1,"name":"Portada","item":"https:\/\/www.interlinkfbc.com\/en\/"},{"@type":"ListItem","position":2,"name":"Trump suspendi\u00f3 citas para visas: qu\u00e9 pas\u00f3, a qui\u00e9n afecta y qu\u00e9 pasa con la visa E-2"}]},{"@type":"WebSite","@id":"https:\/\/www.interlinkfbc.com\/en\/#website","url":"https:\/\/www.interlinkfbc.com\/en\/","name":"Interlink FBC","description":"","potentialAction":[{"@type":"SearchAction","target":{"@type":"EntryPoint","urlTemplate":"https:\/\/www.interlinkfbc.com\/en\/?s={search_term_string}"},"query-input":{"@type":"PropertyValueSpecification","valueRequired":true,"valueName":"search_term_string"}}],"inLanguage":"es-MX"},{"@type":"Person","@id":"https:\/\/www.interlinkfbc.com\/en\/#\/schema\/person\/9d1e1dade6282e0d8d9fdd60c195b929","name":"Gonzalo Lettieri","image":{"@type":"ImageObject","inLanguage":"en-US","@id":"https:\/\/www.interlinkfbc.com\/wp-content\/litespeed\/avatar\/fdedb0c3f8ba35471bcc5fbd02b576e6.jpg?ver=1787854792","url":"https:\/\/www.interlinkfbc.com\/wp-content\/litespeed\/avatar\/fdedb0c3f8ba35471bcc5fbd02b576e6.jpg?ver=1787854792","contentUrl":"https:\/\/www.interlinkfbc.com\/wp-content\/litespeed\/avatar\/fdedb0c3f8ba35471bcc5fbd02b576e6.jpg?ver=1787854792","caption":"Gonzalo Lettieri"},"description":"Periodista con m\u00e1s de 15 a\u00f1os de experiencia. L\u00edder de contenidos. Experto en SEO, GEO, e IA. Especializado en negocios, viajes y documentaci\u00f3n.","url":"https:\/\/www.interlinkfbc.com\/en\/author\/gonzalo-interlink\/"}]}},"lang":false,"translations":[],"yoast_meta_description":"Trump lanz\u00f3 tres medidas distintas sobre visas. Un juez ya anul\u00f3 una. La tercera afecta a todo el mundo. Qu\u00e9 cambia para la visa E-2 en 2026.","yoast_seo_title":"Trump suspendi\u00f3 citas para visas: qu\u00e9 pas\u00f3, a qui\u00e9n afecta y qu\u00e9 pasa con la visa E-2","_links":{"self":[{"href":"https:\/\/www.interlinkfbc.com\/en\/wp-json\/wp\/v2\/posts\/26328","targetHints":{"allow":["GET"]}}],"collection":[{"href":"https:\/\/www.interlinkfbc.com\/en\/wp-json\/wp\/v2\/posts"}],"about":[{"href":"https:\/\/www.interlinkfbc.com\/en\/wp-json\/wp\/v2\/types\/post"}],"author":[{"embeddable":true,"href":"https:\/\/www.interlinkfbc.com\/en\/wp-json\/wp\/v2\/users\/5"}],"replies":[{"embeddable":true,"href":"https:\/\/www.interlinkfbc.com\/en\/wp-json\/wp\/v2\/comments?post=26328"}],"version-history":[{"count":2,"href":"https:\/\/www.interlinkfbc.com\/en\/wp-json\/wp\/v2\/posts\/26328\/revisions"}],"predecessor-version":[{"id":26331,"href":"https:\/\/www.interlinkfbc.com\/en\/wp-json\/wp\/v2\/posts\/26328\/revisions\/26331"}],"wp:featuredmedia":[{"embeddable":true,"href":"https:\/\/www.interlinkfbc.com\/en\/wp-json\/wp\/v2\/media\/26329"}],"wp:attachment":[{"href":"https:\/\/www.interlinkfbc.com\/en\/wp-json\/wp\/v2\/media?parent=26328"}],"wp:term":[{"taxonomy":"category","embeddable":true,"href":"https:\/\/www.interlinkfbc.com\/en\/wp-json\/wp\/v2\/categories?post=26328"},{"taxonomy":"post_tag","embeddable":true,"href":"https:\/\/www.interlinkfbc.com\/en\/wp-json\/wp\/v2\/tags?post=26328"}],"curies":[{"name":"wp","href":"https:\/\/api.w.org\/{rel}","templated":true}]}}